{"id":706,"date":"2019-12-15T19:24:54","date_gmt":"2019-12-15T19:24:54","guid":{"rendered":"https:\/\/ensemblerisoluto.com\/?p=706"},"modified":"2019-12-15T20:51:07","modified_gmt":"2019-12-15T20:51:07","slug":"paulo-barbosa-en","status":"publish","type":"post","link":"https:\/\/ensemblerisoluto.com\/en\/paulo-barbosa-en\/","title":{"rendered":"Paulo Barbosa"},"content":{"rendered":"<h2>Paulo Barbosa<\/h2>\n<p style=\"text-align: justify;\">In 1997 Paulo Barbosa joined the Conservat\u00f3rio de M\u00fasica Calouste Gulbenkian in Braga, with the teacher Paulo Marques Matias, where he concluded the 8th Grade in Clarinet.<\/p>\n<p style=\"text-align: justify;\">He has played in concerts with diverse orchestras, including the: Orquestra dos Conservat\u00f3rios Nacionais, Orquestra Sinf\u00f3nica da ESART, Orquestra do Norte and the Orquestra de C\u00e2mara de Braga. He was also involved, during the summer of 2007, in the European Union Youth Wind Orchestra.<\/p>\n<p style=\"text-align: justify;\">He has received various awards for his chamber music, with a special mention at the 3\u00ba Concorso Internazionale dei Duchi d\u2019Acquaviva \u2013 Atri \u2013 It\u00e1lia and he was awarded 3rd place in the Concurso Pr\u00e9mio Jovens M\u00fasicos (RDP \u2013 2007) Higher Level. He has recorded 2 pieces of music for clarinet quartets for R\u00e1dio Antena.<\/p>\n<p style=\"text-align: justify;\">He participated in \u201cFestival Primavera Musical\u201d, also in chamber music, and as a clarinet soloist at the Festival para Jovens M\u00fasicos \u201cCom Clave de Sol\u201d, organised by the Casa da M\u00fasica.<\/p>\n<p style=\"text-align: justify;\">His musical journey has led him to various countries, such as Spain, France, Italy, Belgium, Germany and Luxemburg.<\/p>\n<p style=\"text-align: justify;\">He has a degree in Clarinet, from the Escola Superior de Artes Aplicadas of Castelo Branco, where he was tutored by Carlos Pi\u00e7arra Alves.<\/p>\n<p style=\"text-align: justify;\">Since 2008 he has been an integral part of Ensemble Risoluto, together with Soprano S\u00edlvia Pinto and Pianist Jos\u00e9 Paulo Ribeira.<\/p>","protected":false},"excerpt":{"rendered":"<p>In 1997 Paulo Barbosa joined the Conservat\u00f3rio de M\u00fasica Calouste Gulbenkian in Braga, (&#8230;)<\/p>","protected":false},"author":1,"featured_media":617,"comment_status":"closed","ping_status":"closed","sticky":false,"template":"","format":"standard","meta":{"footnotes":""},"categories":[16,20,3],"tags":[],"class_list":["post-706","post","type-post","status-publish","format-standard","has-post-thumbnail","hentry","category-biografia","category-biografia-en","category-ensemble-risoluto","post-has-thumbnail"],"_links":{"self":[{"href":"https:\/\/ensemblerisoluto.com\/en\/wp-json\/wp\/v2\/posts\/706","targetHints":{"allow":["GET"]}}],"collection":[{"href":"https:\/\/ensemblerisoluto.com\/en\/wp-json\/wp\/v2\/posts"}],"about":[{"href":"https:\/\/ensemblerisoluto.com\/en\/wp-json\/wp\/v2\/types\/post"}],"author":[{"embeddable":true,"href":"https:\/\/ensemblerisoluto.com\/en\/wp-json\/wp\/v2\/users\/1"}],"replies":[{"embeddable":true,"href":"https:\/\/ensemblerisoluto.com\/en\/wp-json\/wp\/v2\/comments?post=706"}],"version-history":[{"count":3,"href":"https:\/\/ensemblerisoluto.com\/en\/wp-json\/wp\/v2\/posts\/706\/revisions"}],"predecessor-version":[{"id":741,"href":"https:\/\/ensemblerisoluto.com\/en\/wp-json\/wp\/v2\/posts\/706\/revisions\/741"}],"wp:featuredmedia":[{"embeddable":true,"href":"https:\/\/ensemblerisoluto.com\/en\/wp-json\/wp\/v2\/media\/617"}],"wp:attachment":[{"href":"https:\/\/ensemblerisoluto.com\/en\/wp-json\/wp\/v2\/media?parent=706"}],"wp:term":[{"taxonomy":"category","embeddable":true,"href":"https:\/\/ensemblerisoluto.com\/en\/wp-json\/wp\/v2\/categories?post=706"},{"taxonomy":"post_tag","embeddable":true,"href":"https:\/\/ensemblerisoluto.com\/en\/wp-json\/wp\/v2\/tags?post=706"}],"curies":[{"name":"wp","href":"https:\/\/api.w.org\/{rel}","templated":true}]}}